{"id":1830,"date":"2023-04-03T11:42:23","date_gmt":"2023-04-03T09:42:23","guid":{"rendered":"https:\/\/cms-webdesign.ch\/newgreentec\/?p=1830"},"modified":"2025-01-22T11:53:56","modified_gmt":"2025-01-22T10:53:56","slug":"newgreentec-est-nomine-pour-le-green-business-award","status":"publish","type":"post","link":"https:\/\/newgreentec.com\/fr\/newgreentec-ist-fuer-den-green-business-award-nominiert\/","title":{"rendered":"NewGreenTec est nomin\u00e9 pour le \"Green Business Award"},"content":{"rendered":"<p>Sous la devise \"L'\u00e9conomie fait partie de la solution\", le \"Green Business Award\" sera d\u00e9cern\u00e9 pour la cinqui\u00e8me fois en septembre 2023.<br \/>\nLe \"Green Business Award\", organis\u00e9 par \"Green Business Switzerland\", r\u00e9compense chaque ann\u00e9e des entreprises suisses innovantes qui allient succ\u00e8s \u00e9conomique et impact \u00e9cologique. Quelque 20 organisations partenaires, dont l'Office f\u00e9d\u00e9ral de l'environnement, Swiss Recycling, NZZ Connect, Swiss Textiles ou le WWF, ont nomin\u00e9 cette ann\u00e9e 28 entreprises pour le prix.<br \/>\nPowerPyramid et EnergyTower permettent une alimentation \u00e9lectrique durable \u00e0 partir du vent et du soleil. Ces appareils combinent de nouvelles \u00e9oliennes \u00e0 axe vertical double avec un syst\u00e8me de contr\u00f4le avanc\u00e9, des onduleurs et des panneaux photovolta\u00efques. Les co\u00fbts d'installation sont faibles et les appareils peuvent \u00eatre plac\u00e9s sur ou \u00e0 c\u00f4t\u00e9 des b\u00e2timents sur une surface au sol tr\u00e8s r\u00e9duite. Il est ainsi possible de g\u00e9n\u00e9rer de l'\u00e9nergie m\u00eame la nuit et en hiver.<\/p>\n<p>&nbsp;<\/p>\n<p>Source : Voici les nomin\u00e9s du \"Green Business Award\" (pdf)<\/p>","protected":false},"excerpt":{"rendered":"<p>Unter dem Motto \u00abDie Wirtschaft ist Teil der L\u00f6sung\u00bb wird der \u00abGreen Business Award\u00bb im September 2023 zum f\u00fcnften Mal [&hellip;]<\/p>\n","protected":false},"author":1,"featured_media":1831,"comment_status":"closed","ping_status":"closed","sticky":false,"template":"","format":"standard","meta":{"site-sidebar-layout":"default","site-content-layout":"","ast-site-content-layout":"default","site-content-style":"default","site-sidebar-style":"default","ast-global-header-display":"","ast-banner-title-visibility":"","ast-main-header-display":"","ast-hfb-above-header-display":"","ast-hfb-below-header-display":"","ast-hfb-mobile-header-display":"","site-post-title":"","ast-breadcrumbs-content":"","ast-featured-img":"","footer-sml-layout":"","ast-disable-related-posts":"","theme-transparent-header-meta":"default","adv-header-id-meta":"","stick-header-meta":"default","header-above-stick-meta":"","header-main-stick-meta":"","header-below-stick-meta":"","astra-migrate-meta-layouts":"set","ast-page-background-enabled":"default","ast-page-background-meta":{"desktop":{"background-color":"var(--ast-global-color-4)","background-image":"","background-repeat":"repeat","background-position":"center center","background-size":"auto","background-attachment":"scroll","background-type":"","background-media":"","overlay-type":"","overlay-color":"","overlay-opacity":"","overlay-gradient":""},"tablet":{"background-color":"","background-image":"","background-repeat":"repeat","background-position":"center center","background-size":"auto","background-attachment":"scroll","background-type":"","background-media":"","overlay-type":"","overlay-color":"","overlay-opacity":"","overlay-gradient":""},"mobile":{"background-color":"","background-image":"","background-repeat":"repeat","background-position":"center center","background-size":"auto","background-attachment":"scroll","background-type":"","background-media":"","overlay-type":"","overlay-color":"","overlay-opacity":"","overlay-gradient":""}},"ast-content-background-meta":{"desktop":{"background-color":"var(--ast-global-color-5)","background-image":"","background-repeat":"repeat","background-position":"center center","background-size":"auto","background-attachment":"scroll","background-type":"","background-media":"","overlay-type":"","overlay-color":"","overlay-opacity":"","overlay-gradient":""},"tablet":{"background-color":"var(--ast-global-color-5)","background-image":"","background-repeat":"repeat","background-position":"center center","background-size":"auto","background-attachment":"scroll","background-type":"","background-media":"","overlay-type":"","overlay-color":"","overlay-opacity":"","overlay-gradient":""},"mobile":{"background-color":"var(--ast-global-color-5)","background-image":"","background-repeat":"repeat","background-position":"center center","background-size":"auto","background-attachment":"scroll","background-type":"","background-media":"","overlay-type":"","overlay-color":"","overlay-opacity":"","overlay-gradient":""}},"footnotes":""},"categories":[13],"tags":[],"class_list":["post-1830","post","type-post","status-publish","format-standard","has-post-thumbnail","hentry","category-awards"],"yoast_head":"<!-- This site is optimized with the Yoast SEO plugin v27.4 - https:\/\/yoast.com\/product\/yoast-seo-wordpress\/ -->\n<title>NewGreenTec ist f\u00fcr den \u00abGreen Business Award\u00bb nominiert - NewGreenTec<\/title>\n<meta name=\"robots\" content=\"index, follow, max-snippet:-1, max-image-preview:large, max-video-preview:-1\" \/>\n<link rel=\"canonical\" href=\"https:\/\/newgreentec.com\/fr\/newgreentec-est-nomine-pour-le-green-business-award\/\" \/>\n<meta property=\"og:locale\" content=\"fr_FR\" \/>\n<meta property=\"og:type\" content=\"article\" \/>\n<meta property=\"og:title\" content=\"NewGreenTec ist f\u00fcr den \u00abGreen Business Award\u00bb nominiert - NewGreenTec\" \/>\n<meta property=\"og:description\" content=\"Unter dem Motto \u00abDie Wirtschaft ist Teil der L\u00f6sung\u00bb wird der \u00abGreen Business Award\u00bb im September 2023 zum f\u00fcnften Mal [&hellip;]\" \/>\n<meta property=\"og:url\" content=\"https:\/\/newgreentec.com\/fr\/newgreentec-est-nomine-pour-le-green-business-award\/\" \/>\n<meta property=\"og:site_name\" content=\"NewGreenTec\" \/>\n<meta property=\"article:publisher\" content=\"https:\/\/www.facebook.com\/newgreentec\/\" \/>\n<meta property=\"article:published_time\" content=\"2023-04-03T09:42:23+00:00\" \/>\n<meta property=\"article:modified_time\" content=\"2025-01-22T10:53:56+00:00\" \/>\n<meta property=\"og:image\" content=\"https:\/\/newgreentec.com\/wp-content\/uploads\/2025\/01\/image010.jpg\" \/>\n\t<meta property=\"og:image:width\" content=\"1024\" \/>\n\t<meta property=\"og:image:height\" content=\"445\" \/>\n\t<meta property=\"og:image:type\" content=\"image\/jpeg\" \/>\n<meta name=\"author\" content=\"mhp_admin\" \/>\n<meta name=\"twitter:card\" content=\"summary_large_image\" \/>\n<meta name=\"twitter:label1\" content=\"\u00c9crit par\" \/>\n\t<meta name=\"twitter:data1\" content=\"mhp_admin\" \/>\n\t<meta name=\"twitter:label2\" content=\"Dur\u00e9e de lecture estim\u00e9e\" \/>\n\t<meta name=\"twitter:data2\" content=\"1 minute\" \/>\n<script type=\"application\/ld+json\" class=\"yoast-schema-graph\">{\"@context\":\"https:\\\/\\\/schema.org\",\"@graph\":[{\"@type\":\"Article\",\"@id\":\"https:\\\/\\\/newgreentec.com\\\/newgreentec-ist-fuer-den-green-business-award-nominiert\\\/#article\",\"isPartOf\":{\"@id\":\"https:\\\/\\\/newgreentec.com\\\/newgreentec-ist-fuer-den-green-business-award-nominiert\\\/\"},\"author\":{\"name\":\"mhp_admin\",\"@id\":\"https:\\\/\\\/newgreentec.com\\\/#\\\/schema\\\/person\\\/49d5d557b5f99a160545d20ff1014e10\"},\"headline\":\"NewGreenTec ist f\u00fcr den \u00abGreen Business Award\u00bb nominiert\",\"datePublished\":\"2023-04-03T09:42:23+00:00\",\"dateModified\":\"2025-01-22T10:53:56+00:00\",\"mainEntityOfPage\":{\"@id\":\"https:\\\/\\\/newgreentec.com\\\/newgreentec-ist-fuer-den-green-business-award-nominiert\\\/\"},\"wordCount\":148,\"publisher\":{\"@id\":\"https:\\\/\\\/newgreentec.com\\\/#organization\"},\"image\":{\"@id\":\"https:\\\/\\\/newgreentec.com\\\/newgreentec-ist-fuer-den-green-business-award-nominiert\\\/#primaryimage\"},\"thumbnailUrl\":\"https:\\\/\\\/newgreentec.com\\\/wp-content\\\/uploads\\\/2025\\\/01\\\/image010.jpg\",\"articleSection\":[\"Awards\"],\"inLanguage\":\"fr-FR\"},{\"@type\":\"WebPage\",\"@id\":\"https:\\\/\\\/newgreentec.com\\\/newgreentec-ist-fuer-den-green-business-award-nominiert\\\/\",\"url\":\"https:\\\/\\\/newgreentec.com\\\/newgreentec-ist-fuer-den-green-business-award-nominiert\\\/\",\"name\":\"NewGreenTec ist f\u00fcr den \u00abGreen Business Award\u00bb nominiert - NewGreenTec\",\"isPartOf\":{\"@id\":\"https:\\\/\\\/newgreentec.com\\\/#website\"},\"primaryImageOfPage\":{\"@id\":\"https:\\\/\\\/newgreentec.com\\\/newgreentec-ist-fuer-den-green-business-award-nominiert\\\/#primaryimage\"},\"image\":{\"@id\":\"https:\\\/\\\/newgreentec.com\\\/newgreentec-ist-fuer-den-green-business-award-nominiert\\\/#primaryimage\"},\"thumbnailUrl\":\"https:\\\/\\\/newgreentec.com\\\/wp-content\\\/uploads\\\/2025\\\/01\\\/image010.jpg\",\"datePublished\":\"2023-04-03T09:42:23+00:00\",\"dateModified\":\"2025-01-22T10:53:56+00:00\",\"breadcrumb\":{\"@id\":\"https:\\\/\\\/newgreentec.com\\\/newgreentec-ist-fuer-den-green-business-award-nominiert\\\/#breadcrumb\"},\"inLanguage\":\"fr-FR\",\"potentialAction\":[{\"@type\":\"ReadAction\",\"target\":[\"https:\\\/\\\/newgreentec.com\\\/newgreentec-ist-fuer-den-green-business-award-nominiert\\\/\"]}]},{\"@type\":\"ImageObject\",\"inLanguage\":\"fr-FR\",\"@id\":\"https:\\\/\\\/newgreentec.com\\\/newgreentec-ist-fuer-den-green-business-award-nominiert\\\/#primaryimage\",\"url\":\"https:\\\/\\\/newgreentec.com\\\/wp-content\\\/uploads\\\/2025\\\/01\\\/image010.jpg\",\"contentUrl\":\"https:\\\/\\\/newgreentec.com\\\/wp-content\\\/uploads\\\/2025\\\/01\\\/image010.jpg\",\"width\":1024,\"height\":445},{\"@type\":\"BreadcrumbList\",\"@id\":\"https:\\\/\\\/newgreentec.com\\\/newgreentec-ist-fuer-den-green-business-award-nominiert\\\/#breadcrumb\",\"itemListElement\":[{\"@type\":\"ListItem\",\"position\":1,\"name\":\"Startseite\",\"item\":\"https:\\\/\\\/newgreentec.com\\\/\"},{\"@type\":\"ListItem\",\"position\":2,\"name\":\"NewGreenTec ist f\u00fcr den \u00abGreen Business Award\u00bb nominiert\"}]},{\"@type\":\"WebSite\",\"@id\":\"https:\\\/\\\/newgreentec.com\\\/#website\",\"url\":\"https:\\\/\\\/newgreentec.com\\\/\",\"name\":\"NewGreenTec\",\"description\":\"\",\"publisher\":{\"@id\":\"https:\\\/\\\/newgreentec.com\\\/#organization\"},\"potentialAction\":[{\"@type\":\"SearchAction\",\"target\":{\"@type\":\"EntryPoint\",\"urlTemplate\":\"https:\\\/\\\/newgreentec.com\\\/?s={search_term_string}\"},\"query-input\":{\"@type\":\"PropertyValueSpecification\",\"valueRequired\":true,\"valueName\":\"search_term_string\"}}],\"inLanguage\":\"fr-FR\"},{\"@type\":\"Organization\",\"@id\":\"https:\\\/\\\/newgreentec.com\\\/#organization\",\"name\":\"NewGreenTec\",\"url\":\"https:\\\/\\\/newgreentec.com\\\/\",\"logo\":{\"@type\":\"ImageObject\",\"inLanguage\":\"fr-FR\",\"@id\":\"https:\\\/\\\/newgreentec.com\\\/#\\\/schema\\\/logo\\\/image\\\/\",\"url\":\"https:\\\/\\\/newgreentec.com\\\/wp-content\\\/uploads\\\/2024\\\/07\\\/NewGreenTec-logo-2560x2560-1.png\",\"contentUrl\":\"https:\\\/\\\/newgreentec.com\\\/wp-content\\\/uploads\\\/2024\\\/07\\\/NewGreenTec-logo-2560x2560-1.png\",\"width\":2560,\"height\":2560,\"caption\":\"NewGreenTec\"},\"image\":{\"@id\":\"https:\\\/\\\/newgreentec.com\\\/#\\\/schema\\\/logo\\\/image\\\/\"},\"sameAs\":[\"https:\\\/\\\/www.facebook.com\\\/newgreentec\\\/\",\"https:\\\/\\\/www.linkedin.com\\\/company\\\/newgreentec\\\/\"]},{\"@type\":\"Person\",\"@id\":\"https:\\\/\\\/newgreentec.com\\\/#\\\/schema\\\/person\\\/49d5d557b5f99a160545d20ff1014e10\",\"name\":\"mhp_admin\",\"sameAs\":[\"https:\\\/\\\/newgreentec.com\"]}]}<\/script>\n<!-- \/ Yoast SEO plugin. -->","yoast_head_json":{"title":"NewGreenTec est nomin\u00e9 pour le \"Green Business Award\" - NewGreenTec","robots":{"index":"index","follow":"follow","max-snippet":"max-snippet:-1","max-image-preview":"max-image-preview:large","max-video-preview":"max-video-preview:-1"},"canonical":"https:\/\/newgreentec.com\/fr\/newgreentec-est-nomine-pour-le-green-business-award\/","og_locale":"fr_FR","og_type":"article","og_title":"NewGreenTec ist f\u00fcr den \u00abGreen Business Award\u00bb nominiert - NewGreenTec","og_description":"Unter dem Motto \u00abDie Wirtschaft ist Teil der L\u00f6sung\u00bb wird der \u00abGreen Business Award\u00bb im September 2023 zum f\u00fcnften Mal [&hellip;]","og_url":"https:\/\/newgreentec.com\/fr\/newgreentec-est-nomine-pour-le-green-business-award\/","og_site_name":"NewGreenTec","article_publisher":"https:\/\/www.facebook.com\/newgreentec\/","article_published_time":"2023-04-03T09:42:23+00:00","article_modified_time":"2025-01-22T10:53:56+00:00","og_image":[{"width":1024,"height":445,"url":"https:\/\/newgreentec.com\/wp-content\/uploads\/2025\/01\/image010.jpg","type":"image\/jpeg"}],"author":"mhp_admin","twitter_card":"summary_large_image","twitter_misc":{"\u00c9crit par":"mhp_admin","Dur\u00e9e de lecture estim\u00e9e":"1 minute"},"schema":{"@context":"https:\/\/schema.org","@graph":[{"@type":"Article","@id":"https:\/\/newgreentec.com\/newgreentec-ist-fuer-den-green-business-award-nominiert\/#article","isPartOf":{"@id":"https:\/\/newgreentec.com\/newgreentec-ist-fuer-den-green-business-award-nominiert\/"},"author":{"name":"mhp_admin","@id":"https:\/\/newgreentec.com\/#\/schema\/person\/49d5d557b5f99a160545d20ff1014e10"},"headline":"NewGreenTec ist f\u00fcr den \u00abGreen Business Award\u00bb nominiert","datePublished":"2023-04-03T09:42:23+00:00","dateModified":"2025-01-22T10:53:56+00:00","mainEntityOfPage":{"@id":"https:\/\/newgreentec.com\/newgreentec-ist-fuer-den-green-business-award-nominiert\/"},"wordCount":148,"publisher":{"@id":"https:\/\/newgreentec.com\/#organization"},"image":{"@id":"https:\/\/newgreentec.com\/newgreentec-ist-fuer-den-green-business-award-nominiert\/#primaryimage"},"thumbnailUrl":"https:\/\/newgreentec.com\/wp-content\/uploads\/2025\/01\/image010.jpg","articleSection":["Awards"],"inLanguage":"fr-FR"},{"@type":"WebPage","@id":"https:\/\/newgreentec.com\/newgreentec-ist-fuer-den-green-business-award-nominiert\/","url":"https:\/\/newgreentec.com\/newgreentec-ist-fuer-den-green-business-award-nominiert\/","name":"NewGreenTec est nomin\u00e9 pour le \"Green Business Award\" - NewGreenTec","isPartOf":{"@id":"https:\/\/newgreentec.com\/#website"},"primaryImageOfPage":{"@id":"https:\/\/newgreentec.com\/newgreentec-ist-fuer-den-green-business-award-nominiert\/#primaryimage"},"image":{"@id":"https:\/\/newgreentec.com\/newgreentec-ist-fuer-den-green-business-award-nominiert\/#primaryimage"},"thumbnailUrl":"https:\/\/newgreentec.com\/wp-content\/uploads\/2025\/01\/image010.jpg","datePublished":"2023-04-03T09:42:23+00:00","dateModified":"2025-01-22T10:53:56+00:00","breadcrumb":{"@id":"https:\/\/newgreentec.com\/newgreentec-ist-fuer-den-green-business-award-nominiert\/#breadcrumb"},"inLanguage":"fr-FR","potentialAction":[{"@type":"ReadAction","target":["https:\/\/newgreentec.com\/newgreentec-ist-fuer-den-green-business-award-nominiert\/"]}]},{"@type":"ImageObject","inLanguage":"fr-FR","@id":"https:\/\/newgreentec.com\/newgreentec-ist-fuer-den-green-business-award-nominiert\/#primaryimage","url":"https:\/\/newgreentec.com\/wp-content\/uploads\/2025\/01\/image010.jpg","contentUrl":"https:\/\/newgreentec.com\/wp-content\/uploads\/2025\/01\/image010.jpg","width":1024,"height":445},{"@type":"BreadcrumbList","@id":"https:\/\/newgreentec.com\/newgreentec-ist-fuer-den-green-business-award-nominiert\/#breadcrumb","itemListElement":[{"@type":"ListItem","position":1,"name":"Startseite","item":"https:\/\/newgreentec.com\/"},{"@type":"ListItem","position":2,"name":"NewGreenTec ist f\u00fcr den \u00abGreen Business Award\u00bb nominiert"}]},{"@type":"WebSite","@id":"https:\/\/newgreentec.com\/#website","url":"https:\/\/newgreentec.com\/","name":"NewGreenTec","description":"","publisher":{"@id":"https:\/\/newgreentec.com\/#organization"},"potentialAction":[{"@type":"SearchAction","target":{"@type":"EntryPoint","urlTemplate":"https:\/\/newgreentec.com\/?s={search_term_string}"},"query-input":{"@type":"PropertyValueSpecification","valueRequired":true,"valueName":"search_term_string"}}],"inLanguage":"fr-FR"},{"@type":"Organization","@id":"https:\/\/newgreentec.com\/#organization","name":"NewGreenTec","url":"https:\/\/newgreentec.com\/","logo":{"@type":"ImageObject","inLanguage":"fr-FR","@id":"https:\/\/newgreentec.com\/#\/schema\/logo\/image\/","url":"https:\/\/newgreentec.com\/wp-content\/uploads\/2024\/07\/NewGreenTec-logo-2560x2560-1.png","contentUrl":"https:\/\/newgreentec.com\/wp-content\/uploads\/2024\/07\/NewGreenTec-logo-2560x2560-1.png","width":2560,"height":2560,"caption":"NewGreenTec"},"image":{"@id":"https:\/\/newgreentec.com\/#\/schema\/logo\/image\/"},"sameAs":["https:\/\/www.facebook.com\/newgreentec\/","https:\/\/www.linkedin.com\/company\/newgreentec\/"]},{"@type":"Person","@id":"https:\/\/newgreentec.com\/#\/schema\/person\/49d5d557b5f99a160545d20ff1014e10","name":"mhp_admin","sameAs":["https:\/\/newgreentec.com"]}]}},"_links":{"self":[{"href":"https:\/\/newgreentec.com\/fr\/wp-json\/wp\/v2\/posts\/1830","targetHints":{"allow":["GET"]}}],"collection":[{"href":"https:\/\/newgreentec.com\/fr\/wp-json\/wp\/v2\/posts"}],"about":[{"href":"https:\/\/newgreentec.com\/fr\/wp-json\/wp\/v2\/types\/post"}],"author":[{"embeddable":true,"href":"https:\/\/newgreentec.com\/fr\/wp-json\/wp\/v2\/users\/1"}],"replies":[{"embeddable":true,"href":"https:\/\/newgreentec.com\/fr\/wp-json\/wp\/v2\/comments?post=1830"}],"version-history":[{"count":0,"href":"https:\/\/newgreentec.com\/fr\/wp-json\/wp\/v2\/posts\/1830\/revisions"}],"wp:featuredmedia":[{"embeddable":true,"href":"https:\/\/newgreentec.com\/fr\/wp-json\/wp\/v2\/media\/1831"}],"wp:attachment":[{"href":"https:\/\/newgreentec.com\/fr\/wp-json\/wp\/v2\/media?parent=1830"}],"wp:term":[{"taxonomy":"category","embeddable":true,"href":"https:\/\/newgreentec.com\/fr\/wp-json\/wp\/v2\/categories?post=1830"},{"taxonomy":"post_tag","embeddable":true,"href":"https:\/\/newgreentec.com\/fr\/wp-json\/wp\/v2\/tags?post=1830"}],"curies":[{"name":"wp","href":"https:\/\/api.w.org\/{rel}","templated":true}]}}